{"id":3612,"date":"2024-06-28T11:15:10","date_gmt":"2024-06-28T09:15:10","guid":{"rendered":"https:\/\/www.kloentaltriennale.ch\/hinterland\/dev\/?p=3612"},"modified":"2025-04-16T15:00:37","modified_gmt":"2025-04-16T13:00:37","slug":"davide-christelle-sanvee","status":"publish","type":"post","link":"https:\/\/www.kloentaltriennale.ch\/hinterland\/dev\/?p=3612","title":{"rendered":"Davide-Christelle Sanvee"},"content":{"rendered":"\n<details class=\"wp-block-details has-contrast-color has-text-color has-link-color wp-elements-328e746ec7c06a964cd9f2cade022aa8 is-layout-flow wp-block-details-is-layout-flow\"><summary>ENGLISH<\/summary>\n<p>Davide-Christelle Sanvee uses site-specific performances to explore and reveal the intangible narratives embedded in architecture and public spaces. By bridging architecture with its historical context, she initiates imaginary dialogues with architects and engages audiences through her personal experiences. Her work navigates the immaterial and unseen, infusing her explorations with humor to spark discussions about integration in Switzerland, highlighting overlooked themes and unheard voices.<\/p>\n\n\n\n<p>At the Legler Areal, she transforms an office space into an installation titled <em>The Remnants <\/em>(2024). The audience views the scene like voyeurs through windows into a static tableau of factory work: a sewing machine and taut threads. During the performance of the same name on September 28, this setting comes to life, and the audience observes the activities of a worker dyeing, sewing, and weaving. Through this \u201cmoving image,\u201d she evokes a revival of the past with a ghostly quality, offering an alternative interpretation.<\/p>\n\n\n\n<p><strong>Davide-Christelle Sanvee<\/strong> (*1993, TG\/CH, resides in Geneva) studied art at HEAD (Geneva) and the Sandberg Institute (Amsterdam). She was honored with the Swiss Performance Art Award in 2019 and has presented her works at European venues including Istituto Svizzero di Roma, Th\u00e9\u00e2tre de Vidy (Lausanne), Centre Pompidou (Paris), Fondation Pernod Ricard (Paris), Fondation Lambert (Avignon), and the Salon Suisse at the Venice Architecture Biennale. In 2023, she received the Kiefer Hablitzel Art Prize and a grant from Fondation Leenaards.<\/p>\n\n\n\n<p><\/p>\n<\/details>\n\n\n\n<div style=\"height:50px\" aria-hidden=\"true\" class=\"wp-block-spacer\"><\/div>\n\n\n<p><span style=\"font-weight: 400;\">Mit ortsspezifischen Performances untersucht und enth\u00fcllt <\/span><b>Davide-Christelle Sanvee <\/b><span style=\"font-weight: 400;\">immaterielle Geschichten, die in Architektur und in \u00f6ffentlichen R\u00e4umen verankert sind. Sie verbindet Architektur mit deren Entstehungsgeschichte, f\u00fchrt imagin\u00e4re Dialoge mit Architekt*innen, interagiert mit dem Publikum und ihrer eigenen Erfahrung. Sie verhandelt Unbewegliches und Unsichtbares und nutzt Humor, um Raum f\u00fcr Fragen rund um das Thema der Integration in der Schweiz zu schaffen und ignorierte Themen sowie ungeh\u00f6rte Erfahrungen sichtbar zu machen. Im Legler Areal nimmt sie einen B\u00fcroraum in Beschlag. In dieser Installation mit dem Titel \u00abDie Reste\u00bb (2024) schaut das Publikum wie Voyeure durch die Fenster in den Raum in ein eingefrorenes Setting, das von der Fabrikarbeit erz\u00e4hlt: eine N\u00e4hmaschine, gespannte F\u00e4den im Raum. In der gleichnamigen Performance am 28. September wird das Setting aktiviert und das Publikum wird Zeuge von Aktivit\u00e4ten einer Arbeiterin beim F\u00e4rben, N\u00e4hen und Weben. Mit diesem \u201cbewegten Bild\u201d schafft sie eine Wiederbelebung und alternative Lesart der Vergangenheit von gespenstischer Anmutung.<\/span><\/p>\n\n\n<p><\/p>\n\n\n\n<figure class=\"wp-block-image size-large content_bild\"><img loading=\"lazy\" decoding=\"async\" width=\"679\" height=\"1024\" src=\"https:\/\/www.kloentaltriennale.ch\/hinterland\/dev\/wp-content\/uploads\/2024\/06\/Bildschirmfoto-2024-07-17-um-15.23.10-679x1024.png\" alt=\"\" class=\"wp-image-4179\" srcset=\"https:\/\/www.kloentaltriennale.ch\/hinterland\/dev\/wp-content\/uploads\/2024\/06\/Bildschirmfoto-2024-07-17-um-15.23.10-679x1024.png 679w, https:\/\/www.kloentaltriennale.ch\/hinterland\/dev\/wp-content\/uploads\/2024\/06\/Bildschirmfoto-2024-07-17-um-15.23.10-199x300.png 199w, https:\/\/www.kloentaltriennale.ch\/hinterland\/dev\/wp-content\/uploads\/2024\/06\/Bildschirmfoto-2024-07-17-um-15.23.10-768x1159.png 768w, https:\/\/www.kloentaltriennale.ch\/hinterland\/dev\/wp-content\/uploads\/2024\/06\/Bildschirmfoto-2024-07-17-um-15.23.10-1018x1536.png 1018w, https:\/\/www.kloentaltriennale.ch\/hinterland\/dev\/wp-content\/uploads\/2024\/06\/Bildschirmfoto-2024-07-17-um-15.23.10.png 1022w\" sizes=\"auto, (max-width: 679px) 100vw, 679px\" \/><figcaption class=\"wp-element-caption\">Portrait Davide-Christelle Sanvee, Foto: Gregory Batardon<\/figcaption><\/figure>\n\n\n\n<p><\/p>\n\n\n\n<p>Davide-Christelle Sanvee (*1993, TG\/CH, lebt in Genf) hat Kunst an der HEAD Genf und am Sandberg Institut in Amsterdam studiert. 2019 erhielt sie den Schweizer Performance-Preis. Sie hat an verschiedenen europ\u00e4ischen Kulturorten performt: Darunter Istituto Svizzero di Roma, Th\u00e9\u00e2tre de Vidy (Lausanne), Centre Pompidou (Paris), Fondation Ricard (Paris), Fondation Lambert (Avignon) oder im Salon Suisse der Biennale di Venezia&nbsp;Architettura. 2023 erhielt sie den Kiefer Hablitzel Kunstpreis und das F\u00f6rderstipendium der Fondation Leenaards.&nbsp;<\/p>\n\n\n\n<p><\/p>\n\n\n\n<p class=\"has-text-align-center has-medium-font-size\"><br>Foto: Davide-Christelle Sanvee: Veni, Vidy, Vici, 2024 \u00a9 Claudia Ndebele<\/p>\n\n\n\n<p><\/p>\n","protected":false},"excerpt":{"rendered":"<p>Mit ortsspezifischen Performances untersucht und enth\u00fcllt Davide-Christelle Sanvee immaterielle Geschichten, die in Architektur und in \u00f6ffentlichen R\u00e4umen verankert sind. Sie verbindet Architektur mit deren Entstehungsgeschichte, f\u00fchrt imagin\u00e4re Dialoge mit Architekt*innen, [&hellip;]<\/p>\n","protected":false},"author":1,"featured_media":5235,"comment_status":"open","ping_status":"open","sticky":false,"template":"exhibition-einzelseite-template","format":"standard","meta":{"_EventAllDay":false,"_EventTimezone":"","_EventStartDate":"","_EventEndDate":"","_EventStartDateUTC":"","_EventEndDateUTC":"","_EventShowMap":false,"_EventShowMapLink":false,"_EventURL":"","_EventCost":"","_EventCostDescription":"","_EventCurrencySymbol":"","_EventCurrencyCode":"","_EventCurrencyPosition":"","_EventDateTimeSeparator":"","_EventTimeRangeSeparator":"","_EventOrganizerID":[],"_EventVenueID":[],"_OrganizerEmail":"","_OrganizerPhone":"","_OrganizerWebsite":"","_VenueAddress":"","_VenueCity":"","_VenueCountry":"","_VenueProvince":"","_VenueState":"","_VenueZip":"","_VenuePhone":"","_VenueURL":"","_VenueStateProvince":"","_VenueLat":"","_VenueLng":"","_VenueShowMap":false,"_VenueShowMapLink":false,"footnotes":""},"categories":[307,19],"tags":[],"class_list":["post-3612","post","type-post","status-publish","format-standard","has-post-thumbnail","hentry","category-de","category-exhibition"],"_links":{"self":[{"href":"https:\/\/www.kloentaltriennale.ch\/hinterland\/dev\/index.php?rest_route=\/wp\/v2\/posts\/3612","targetHints":{"allow":["GET"]}}],"collection":[{"href":"https:\/\/www.kloentaltriennale.ch\/hinterland\/dev\/index.php?rest_route=\/wp\/v2\/posts"}],"about":[{"href":"https:\/\/www.kloentaltriennale.ch\/hinterland\/dev\/index.php?rest_route=\/wp\/v2\/types\/post"}],"author":[{"embeddable":true,"href":"https:\/\/www.kloentaltriennale.ch\/hinterland\/dev\/index.php?rest_route=\/wp\/v2\/users\/1"}],"replies":[{"embeddable":true,"href":"https:\/\/www.kloentaltriennale.ch\/hinterland\/dev\/index.php?rest_route=%2Fwp%2Fv2%2Fcomments&post=3612"}],"version-history":[{"count":24,"href":"https:\/\/www.kloentaltriennale.ch\/hinterland\/dev\/index.php?rest_route=\/wp\/v2\/posts\/3612\/revisions"}],"predecessor-version":[{"id":4886,"href":"https:\/\/www.kloentaltriennale.ch\/hinterland\/dev\/index.php?rest_route=\/wp\/v2\/posts\/3612\/revisions\/4886"}],"wp:featuredmedia":[{"embeddable":true,"href":"https:\/\/www.kloentaltriennale.ch\/hinterland\/dev\/index.php?rest_route=\/wp\/v2\/media\/5235"}],"wp:attachment":[{"href":"https:\/\/www.kloentaltriennale.ch\/hinterland\/dev\/index.php?rest_route=%2Fwp%2Fv2%2Fmedia&parent=3612"}],"wp:term":[{"taxonomy":"category","embeddable":true,"href":"https:\/\/www.kloentaltriennale.ch\/hinterland\/dev\/index.php?rest_route=%2Fwp%2Fv2%2Fcategories&post=3612"},{"taxonomy":"post_tag","embeddable":true,"href":"https:\/\/www.kloentaltriennale.ch\/hinterland\/dev\/index.php?rest_route=%2Fwp%2Fv2%2Ftags&post=3612"}],"curies":[{"name":"wp","href":"https:\/\/api.w.org\/{rel}","templated":true}]}}